{"id":1017,"date":"2013-12-23T19:03:42","date_gmt":"2013-12-23T19:03:42","guid":{"rendered":"http:\/\/www.galofrando.com\/blog\/?p=43"},"modified":"2022-02-22T22:35:50","modified_gmt":"2022-02-22T22:35:50","slug":"de-la-conciencia-social-de-santa-y-otros-santos","status":"publish","type":"post","link":"https:\/\/galofrando.com\/wp\/2013\/12\/23\/de-la-conciencia-social-de-santa-y-otros-santos\/","title":{"rendered":"De la conciencia social de Santa y otros benefactores"},"content":{"rendered":"\n<p>&nbsp;<br>Y que me acuerdo cuando mi abuelo nos cont\u00f3 a Javier y a m\u00ed de aquella vez que los Reyes le trajeron un mam\u00f3n (s\u00ed, nosotros tambi\u00e9n alzamos las cejas igual, se supone que era una especie de pan de dulce en los tiempos en que los tuits los pon\u00edas por telegrama) y, no conformes los tres \u201chombres sabios\u201d con atragantarlo con la decepci\u00f3n de no obtener ning\u00fan juguete, le dejaron la supuesta golosina atorada al interior del zapato (sepa, chance una costumbre del lejano oriente).<\/p>\n\n\n\n<p>Lo que me llev\u00f3 a tambi\u00e9n a acordarme de aquel compa\u00f1ero m\u00edo de la escuela al que Santa Claus le trajo dos jueguitos electr\u00f3nicos de mattel \u201cpor no haber reprobado ninguna materia el a\u00f1o pasado, sigue siendo tan buen ni\u00f1o, felicidades\u201d (carta con caligraf\u00eda de invitaci\u00f3n de boda y todo) y esa renovada desilusi\u00f3n con la que recib\u00ed su noticia porque yo hasta hab\u00eda sacado dieces el a\u00f1o anterior y en cambio el gordo cocacolero hab\u00eda sido incapaz de dilucidar por s\u00ed mismo, ya que med\u00eda con esa vara, que me hubiera gustado m\u00e1s recibir dos jueguitos de electr\u00f3nicos de mattel que el mono de acci\u00f3n que ped\u00ed.<\/p>\n\n\n\n<p>O sea que est\u00e1 visto que ni el uno ni los otros tienen, han tenido o tendr\u00e1n, el m\u00ednimo sentido de la justicia o, ya de perdida, tantita conciencia social. No hace falta haber visto \u201cEl traje de Primera Comuni\u00f3n\u201d de Juliancito Bravo o varios cap\u00edtulos de los Ingalls para comprender que a veces la navidad es as\u00ed, jodida. Que los diputados van a recibir triple aguinaldo y, en cambio, los ni\u00f1os pobres, un cuerno. (O un mam\u00f3n, para el caso.)<\/p>\n\n\n\n<p>Por eso mi deseo para estas fiestas no es que todo el mundo reciba lo que pidi\u00f3. (Dado el retorcido calibre con el que miden el gordo y los sabios (el m\u00e1s viejo de los \u201cse aplican restricciones\u201d de la historia de la humanidad) seguro que el que cotiza en el Dow Jones se va a encontrar tres empresas nuevas bajo el \u00e1rbol y en cambio la viejita que vende chicles, con que le robaron el zapato. Y la virgen se est\u00e1 peinando. Y el romero floreciendo.)<\/p>\n\n\n\n<p>Mi deseo, entonces, ejem, es que todo el mundo reciba en estas fiestas lo que en verdad se merece. No lo que pidi\u00f3 sino lo que, de acuerdo al plausible orden universal (oh, s\u00ed, debe existir tal cosa en alg\u00fan lugar y en alg\u00fan tiempo, que caray), le cuadra.<br>Y que me acuerdo de aquella vez (no, no era navidad, ni siquiera estaba cerquita) hace m\u00e1s de veinte a\u00f1os cuando Javier y yo viv\u00edamos solos y est\u00e1bamos a\u00fan estudiando y \u00e9l daba clases a verdaderos delincuentes juveniles y yo tocaba el piano en un cuchitril por el Rastro y apenas y junt\u00e1bamos para pagar la Renta y de repente sali\u00f3 la oportunidad de que \u00e9l aplicara para una beca en IBM bastante jugosa por cierto y que nos dar\u00eda para dejar de comer frijoles a diario y pusimos a todos los santos de cabeza y en el b\u00f3iler y escuchando canciones de Lucerito. Y que me acuerdo de aquel domingo en que salieron en el peri\u00f3dico los resultados de los afortunados y esa horrible decepci\u00f3n remasterizada de encontrarte con que no hay nada en el zapato y mejor ni meter la mano porque qu\u00e9 tal que te pica un alacr\u00e1n.<\/p>\n\n\n\n<p>Me he acordado de esto ahora porque, aunque nos doli\u00f3 como ni\u00f1o en navidad que cree que se ha portado mal y por eso la pelota de farmacia y no el bal\u00f3n de la FIFA\u2026 es cierto que el tiempo (o el orden universal, vaya usted a saber si no solo existe sino que se viste de padre tiempo o de ni\u00f1o en un pesebre o de simple azar o de entrop\u00eda) nos demostr\u00f3 que gracias a esa beca fallida, hubo que seguir por otros rumbos y acabamos, pues s\u00ed, escribiendo teatro. Y luego libros. Y luego, pues ya se ve. Y es que, ustedes perdonar\u00e1n la presunci\u00f3n pero me gusta creer que eso es lo que -en verdad- nos merec\u00edamos.<\/p>\n\n\n\n<p>As\u00ed que he ah\u00ed mi deseo navide\u00f1o. (Se disfraza de Miss Universo y sonr\u00ede con dientes blancos y parejitos) Que todo el mundo obtenga lo que en verdad se merece. (Bota el disfraz).<\/p>\n\n\n\n<p>A temblar\u2026<\/p>\n\n\n\n<p>Porque, si existe la justicia en el universo (el orden, etc\u00e9tera)\u2026 de nada te servir\u00e1 esa tarjeta de regalo de cinco ceros si aprobaste una reforma con la conciencia en el bolsillo. Y en cambio, ese pedazo de pan viejo en el zapato, ser\u00e1 el mejor regalo de tu vida si con cada chicle que vendes no te clavas el cambio y hasta sonrisa das de pil\u00f3n.<\/p>\n","protected":false},"excerpt":{"rendered":"<p>&nbsp;Y que me acuerdo cuando mi abuelo nos cont\u00f3 a Javier y a m\u00ed de aquella vez que los Reyes le trajeron un mam\u00f3n (s\u00ed, nosotros tambi\u00e9n alzamos las cejas igual, se supone que era una especie de pan de dulce en los tiempos en que los tuits los pon\u00edas por telegrama) y, no conformes [&hellip;]<\/p>\n","protected":false},"author":1,"featured_media":503,"comment_status":"closed","ping_status":"closed","sticky":false,"template":"","format":"standard","meta":{"footnotes":""},"categories":[10],"tags":[43,86,107,108,244,251,293,314],"class_list":["post-1017","post","type-post","status-publish","format-standard","has-post-thumbnail","hentry","category-lo-que-se-me-va-ocurriendo","tag-antonio-malpica","tag-conciencia-social","tag-deseos-navidenos","tag-destino","tag-navidad","tag-orden-universal","tag-santa-claus","tag-tono-malpica"],"_links":{"self":[{"href":"https:\/\/galofrando.com\/wp\/wp-json\/wp\/v2\/posts\/1017","targetHints":{"allow":["GET"]}}],"collection":[{"href":"https:\/\/galofrando.com\/wp\/wp-json\/wp\/v2\/posts"}],"about":[{"href":"https:\/\/galofrando.com\/wp\/wp-json\/wp\/v2\/types\/post"}],"author":[{"embeddable":true,"href":"https:\/\/galofrando.com\/wp\/wp-json\/wp\/v2\/users\/1"}],"replies":[{"embeddable":true,"href":"https:\/\/galofrando.com\/wp\/wp-json\/wp\/v2\/comments?post=1017"}],"version-history":[{"count":3,"href":"https:\/\/galofrando.com\/wp\/wp-json\/wp\/v2\/posts\/1017\/revisions"}],"predecessor-version":[{"id":1507,"href":"https:\/\/galofrando.com\/wp\/wp-json\/wp\/v2\/posts\/1017\/revisions\/1507"}],"wp:featuredmedia":[{"embeddable":true,"href":"https:\/\/galofrando.com\/wp\/wp-json\/wp\/v2\/media\/503"}],"wp:attachment":[{"href":"https:\/\/galofrando.com\/wp\/wp-json\/wp\/v2\/media?parent=1017"}],"wp:term":[{"taxonomy":"category","embeddable":true,"href":"https:\/\/galofrando.com\/wp\/wp-json\/wp\/v2\/categories?post=1017"},{"taxonomy":"post_tag","embeddable":true,"href":"https:\/\/galofrando.com\/wp\/wp-json\/wp\/v2\/tags?post=1017"}],"curies":[{"name":"wp","href":"https:\/\/api.w.org\/{rel}","templated":true}]}}