{"id":1027,"date":"2014-04-02T23:36:36","date_gmt":"2014-04-02T23:36:36","guid":{"rendered":"http:\/\/www.galofrando.com\/blog\/?p=140"},"modified":"2022-02-22T22:24:10","modified_gmt":"2022-02-22T22:24:10","slug":"happy-birthday-hans","status":"publish","type":"post","link":"https:\/\/galofrando.com\/wp\/2014\/04\/02\/happy-birthday-hans\/","title":{"rendered":"Happy Birthday, Hans!"},"content":{"rendered":"\n<p>\u00a0<br>En este, el cumple del se\u00f1or Andersen, sirva la siguiente reflexi\u00f3n como mero desahogo personal.<br>\u00a0<br>Ejem&#8230;<br>\u00a0\u00a0<br>Mari Fer, que por mucho tiempo fue el brazo armado de la autoridad (se sonaba a sus compa\u00f1eros cuando no obedec\u00edan a la maestra) se pas\u00f3 a las fuerzas rebeldes y ahora es l\u00edder de la revoluci\u00f3n intramuros del prekinder B. Al m\u00e1s puro estilo de la insurrecci\u00f3n cl\u00e1sica, ahora tiene pleito casado con todo aquel que, en nivel jer\u00e1rquico, est\u00e9 por encima del metro veinte de estatura. Y no s\u00f3lo se permite el lujo de la violencia f\u00edsica (box, jiujitsu, representaci\u00f3n de Linda Blair en su papel m\u00e1s recordado) sino tambi\u00e9n verbal (al teacher de deportes de plano le sali\u00f3 con que \u201cyo s\u00ed tengo una mam\u00e1 que me quiere y t\u00fa no\u201d adornado con trompetilla; y eso, en mi opini\u00f3n, es la versi\u00f3n pedi\u00e1trica de una buena mentada de madre).<br>Con todo, en el cuaderno de las quejas, siempre la miss informa que se port\u00f3 mal PERO\u2026 y aqu\u00ed viene el acertijo\u2026 incre\u00edblemente, siempre est\u00e1 contenta en clase. En la misma hoja en la que dice que es una groserota y que no obedece y que se sube a las mesas a sublevar a sus compa\u00f1eros\u2026 siempre viene palomeada la carita feliz.\u00a0<br>\u00c9sta: \ud83d\ude42 _____ No \u00e9sta: \ud83d\ude41 _____ Ni \u00e9sta: :-O _______ Ni ninguna otra.<\/p>\n\n\n\n<p>&nbsp;<br>Lo que me lleva a pensar que la chamaca est\u00e1 en plena fase de domesticaci\u00f3n. Y eso, de alg\u00fan modo, me ha hecho sentir as\u00ed: \ud83d\ude41<\/p>\n\n\n\n<p>&nbsp;<br>Qu\u00e9 le vamos a hacer.<\/p>\n\n\n\n<p>&nbsp;<br>Porque Mari Fer, aunque usted no lo crea, hasta cuando suelta una de las grandes (\u201ctienes cara de pl\u00e1tano\u201d es una de mis favoritas) se la echa riendo. Lo mismo que cuando brinca en la cama o se escabulle de la ba\u00f1era o agarra un libro. Y eso me hace pensar cuando en el canal de Disney pasan la de \u201cLibre soy\u201d (de Frozen) y la escuincla corre a la pantalla diciendo \u201c\u00a1Mi canci\u00f3n!\u201d (s\u00ed, ya s\u00e9 que parece inventado pero juro por su abuela que es as\u00ed, no s\u00e9 de d\u00f3nde sac\u00f3 la idea, habr\u00e1 que preguntarle a su mam\u00e1\u2026)<br>Y es que en estos d\u00edas me he sentido en gran medida como esos padres que quisieran una f\u00f3rmula m\u00e1gica para arreglar los entuertos de la educaci\u00f3n infantil. Un libro, por ejemplo. Uno donde una ni\u00f1a mal portada, al final, acaba port\u00e1ndose como angelito. Y me veo pensando en \u201clos valores, mensajes, moralejas\u201d de los libros acaso porque yo mismo, hoy en la ma\u00f1ana, trat\u00e9 de usar la ficci\u00f3n en mi beneficio: \u201cMari Fer, si no te portas bien, te vamos a cambiar a una escuela en donde las maestras son brujas de a de veras. \u00bfEso quieres?\u201d<\/p>\n\n\n\n<p>&nbsp;<br>Y la chamaca\u2026 \u201cNo, pap\u00e1\u201d. Pero siempre as\u00ed: \ud83d\ude42<\/p>\n\n\n\n<p>&nbsp;<br>A lo mejor porque s\u00e9 que al final Mari Fer va a terminar siendo una buena ni\u00f1a. (Lo manda el juego de la convivencia. La civilizaci\u00f3n. Etc\u00e9tera.) O a lo mejor nada m\u00e1s porque vale la pena apuntalar un recuerdo. El caso es que pongo aqu\u00ed este pedazo de melancol\u00eda porque bueno, en el cumple del mismo hombre al que se le ocurri\u00f3 que la vanidad de una ni\u00f1a se puede corregir cort\u00e1ndole las patas con un hacha, de repente se me hace que alg\u00fan d\u00eda vamos a extra\u00f1ar el tiempo en que los libros infantiles no eran historias, personajes, palabras y dibujos\u2026 sino una casita, un barco, un sombrero. Un mero pretexto para ser felices. Libres y, en verdad, felices.<\/p>\n","protected":false},"excerpt":{"rendered":"<p>\u00a0En este, el cumple del se\u00f1or Andersen, sirva la siguiente reflexi\u00f3n como mero desahogo personal.\u00a0Ejem&#8230;\u00a0\u00a0Mari Fer, que por mucho tiempo fue el brazo armado de la autoridad (se sonaba a sus compa\u00f1eros cuando no obedec\u00edan a la maestra) se pas\u00f3 a las fuerzas rebeldes y ahora es l\u00edder de la revoluci\u00f3n intramuros del prekinder B. [&hellip;]<\/p>\n","protected":false},"author":2,"featured_media":513,"comment_status":"closed","ping_status":"closed","sticky":false,"template":"","format":"standard","meta":{"footnotes":""},"categories":[10],"tags":[20,38,43,111,123,201,209,212,226,314],"class_list":["post-1027","post","type-post","status-publish","format-standard","has-post-thumbnail","hentry","category-lo-que-se-me-va-ocurriendo","tag-2-de-abril","tag-andersen","tag-antonio-malpica","tag-dia-del-libro-infantil-y-juvenil","tag-educacion","tag-libertad","tag-lij","tag-literatura-infantil-y-juvenil","tag-marifer","tag-tono-malpica"],"_links":{"self":[{"href":"https:\/\/galofrando.com\/wp\/wp-json\/wp\/v2\/posts\/1027","targetHints":{"allow":["GET"]}}],"collection":[{"href":"https:\/\/galofrando.com\/wp\/wp-json\/wp\/v2\/posts"}],"about":[{"href":"https:\/\/galofrando.com\/wp\/wp-json\/wp\/v2\/types\/post"}],"author":[{"embeddable":true,"href":"https:\/\/galofrando.com\/wp\/wp-json\/wp\/v2\/users\/2"}],"replies":[{"embeddable":true,"href":"https:\/\/galofrando.com\/wp\/wp-json\/wp\/v2\/comments?post=1027"}],"version-history":[{"count":3,"href":"https:\/\/galofrando.com\/wp\/wp-json\/wp\/v2\/posts\/1027\/revisions"}],"predecessor-version":[{"id":1498,"href":"https:\/\/galofrando.com\/wp\/wp-json\/wp\/v2\/posts\/1027\/revisions\/1498"}],"wp:featuredmedia":[{"embeddable":true,"href":"https:\/\/galofrando.com\/wp\/wp-json\/wp\/v2\/media\/513"}],"wp:attachment":[{"href":"https:\/\/galofrando.com\/wp\/wp-json\/wp\/v2\/media?parent=1027"}],"wp:term":[{"taxonomy":"category","embeddable":true,"href":"https:\/\/galofrando.com\/wp\/wp-json\/wp\/v2\/categories?post=1027"},{"taxonomy":"post_tag","embeddable":true,"href":"https:\/\/galofrando.com\/wp\/wp-json\/wp\/v2\/tags?post=1027"}],"curies":[{"name":"wp","href":"https:\/\/api.w.org\/{rel}","templated":true}]}}